{"id":36077,"date":"2025-11-06T14:55:49","date_gmt":"2025-11-06T12:55:49","guid":{"rendered":"https:\/\/mokslolietuva.lt\/?p=36077"},"modified":"2026-04-18T12:33:01","modified_gmt":"2026-04-18T10:33:01","slug":"ar-gali-lietuvos-ekonomika-pavyti-ir-aplenkti-vakaru-valstybes","status":"publish","type":"post","link":"https:\/\/web.vu.lt\/tfai\/v.gontis\/2025\/11\/06\/ar-gali-lietuvos-ekonomika-pavyti-ir-aplenkti-vakaru-valstybes\/","title":{"rendered":"Ar gali Lietuvos ekonomika pavyti ir aplenkti Vakar\u0173 valstybes?"},"content":{"rendered":"<p>Ar Lietuva gali pasivyti ir aplenkti Vakar\u0173 Europ\u0105? \u0160is klausimas provokuoja, bet ne be pagrindo. Neseniai atliktas tyrimas (Gontis et al., 2025, <a href=\"https:\/\/arxiv.org\/pdf\/2510.04211\">arXiv:2510.04211<\/a>) parod\u0117, kad Lietuvos ekonomin\u0117 pa\u017eanga i\u0161siskiria tarp Centrin\u0117s ir Ryt\u0173 Europos (CRE) valstybi\u0173. Ta\u010diau ar \u0161is tempas leis pasiekti Maltos ir kit\u0173 Vakar\u0173 \u0161ali\u0173 lyg\u012f? Pasitelk\u0119 tuos pa\u010dius duomenis ir metodik\u0105, palyginome Maltos bei Ispanijos raid\u0105, kad i\u0161siai\u0161kintume, kokie veiksniai lemia s\u0117kming\u0105 konvergencij\u0105.<\/p>\n<p>Maltos pavyzdys rodo, kad net ma\u017eos, atviros ekonomikos gali pasiekti reik\u0161ming\u0105 pa\u017eang\u0105 ir \u017eengti \u012f i\u0161sivys\u010diusi\u0173 \u0161ali\u0173 lyg\u012f. Tuo tarpu Ispanijos konvergencija sustojo, atskleisdama ribotas galimybes spartesniam augimui. \u0160i\u0173 skirtum\u0173 analiz\u0117 padeda \u012fvertinti, kok\u012f vaidmen\u012f vaidina tiesiogin\u0117s u\u017esienio investicijos (TUI), kain\u0173 lygis ir valstyb\u0117s skolos dinamika.<!--more--><\/p>\n<p>1 pav. Pateikiame Vakar\u0173 valstybi\u0173, Europos ir JAV BVP\/gyventojui, suskai\u010diuot\u0105 Perkamosios galios pariteto (PGP) metodu ir normuot\u0105 JAV BVP at\u017evilgiu, vaizdavim\u0105.<\/p>\n<div id=\"attachment_36078\" style=\"width: 510px\" class=\"wp-caption alignleft\"><a href=\"https:\/\/web.vu.lt\/tfai\/v.gontis\/wp-content\/uploads\/2025\/11\/WE-GDP-PPP.png\"><img loading=\"lazy\" decoding=\"async\" aria-describedby=\"caption-attachment-36078\" class=\"size-large wp-image-36078\" src=\"https:\/\/web.vu.lt\/tfai\/v.gontis\/wp-content\/uploads\/2025\/11\/WE-GDP-PPP-1024x475.png\" alt=\"\" width=\"500\" height=\"232\" \/><\/a><p id=\"caption-attachment-36078\" class=\"wp-caption-text\">1 pav. Vakar\u0173 valstybi\u0173, Europos ir JAV ekonomin\u0117s raidos palyginimas PGP metodu.<\/p><\/div>\n<p>Iliustracija \u00a0vaizduoja neabejotin\u0105 Maltos, ma\u017eos, atviros ekonomikos s\u0117km\u0119 per palyginti trump\u0105 laikotarp\u012f vejantis ir lenkiant net kelet\u0105 Vakar\u0173 pasaulio valstybi\u0173. Tos senosios ekonomikos nagrin\u0117jamame laikotarpyje visos atrodo gan\u0117tinai i\u0161sis\u0117musios ir beveik sinchroni\u0161kai svyruojan\u010dios per pasaulio ekonomikos ir finans\u0173 bangas. Maltos pavyzdys atrodo \u012fkvepian\u010diai ir gali pasitarnauti, kaip sektina ekonomin\u0117s politikos praktika, patvirtinanti ne tik vijimosi, bet lenkimo galimyb\u0119. Ispanijos galimyb\u0117s lygiuotis su labiau i\u0161sivys\u010diusiomis, bent \u0161iuo laikotarpiu, atrodo menkos, ta\u010diau jos makroekonomini\u0173 rodikli\u0173 lyginimas su Malta gali atskleisti pastarosios s\u0117km\u0117s svarbiausias prie\u017eastis. 2 pav. pateikiame kain\u0173 lygio indekso kitim\u0105, pagal Eurostat duomenis, pasirinktoms valstyb\u0117ms. Kaip ir galima tik\u0117tis, Maltos ekonominis augimas remiasi ir kain\u0173 lygio kilimu, o JAV kain\u0173 lygio svyravimai i\u0161duoda, kad dolerio kursas ir jo monetarin\u0117 politika yra viso pasaulio ekonomini\u0173 svyravim\u0173 \u0161altinis.<\/p>\n<div id=\"attachment_36079\" style=\"width: 510px\" class=\"wp-caption alignleft\"><a href=\"https:\/\/web.vu.lt\/tfai\/v.gontis\/wp-content\/uploads\/2025\/11\/KainuLygiai.png\"><img loading=\"lazy\" decoding=\"async\" aria-describedby=\"caption-attachment-36079\" class=\"size-large wp-image-36079\" src=\"https:\/\/web.vu.lt\/tfai\/v.gontis\/wp-content\/uploads\/2025\/11\/KainuLygiai-1024x464.png\" alt=\"\" width=\"500\" height=\"227\" \/><\/a><p id=\"caption-attachment-36079\" class=\"wp-caption-text\">2 pav. Kain\u0173 lygio indekso, suskai\u010diuoto pagal PGP metodik\u0105, kitimas.<\/p><\/div>\n<p>&nbsp;<\/p>\n<p>Svarbus aspektas yra tai, kad vis\u0173 valstybi\u0173, kuri\u0173 konvergencija su JAV yra i\u0161sis\u0117musi, nevyksta, kain\u0173 lygis taip pat i\u0161lieka tame pa\u010diame lygyje su nedideliais svyravimais.<\/p>\n<p>Duomen\u0173 analiz\u0117 rodo, kad tiek CRE, tiek Vakar\u0173, tiek Piet\u0173 Europos valstybi\u0173 ekonomikos augimas labai priklauso nuo sukaupt\u0173 tiesiogini\u0173 u\u017esienio investicij\u0173 (TUI). Tod\u0117l 3 pav. pateikiame Maltos ir Ispanijos TUI (sukaupt\u0105-accumulated) kitim\u0105 nagrin\u0117jamame laiko intervale.<\/p>\n<p>Pateikti TUI duomenys ai\u0161kiai demonstruoja ypating\u0105 dideli\u0173 u\u017esienio investicij\u0173 u\u017ebaigimo sutapim\u0105 su ry\u0161kaus ekonominio augimo prad\u017eia. \u0160is Maltos ekonomikos augimas t\u0119siasi nuo 2006 met\u0173 iki dabar ir yra vos ne vienintelis ry\u0161kus pokytis tarp vis\u0173 sen\u0173j\u0173 demokratij\u0173. Ispanijos TUI taip pat auga, bet j\u0173 raida niekuo nei\u0161siskiria tarp kit\u0173 Europos senbuvi\u0173.<\/p>\n<div id=\"attachment_36080\" style=\"width: 310px\" class=\"wp-caption alignleft\"><a href=\"https:\/\/web.vu.lt\/tfai\/v.gontis\/wp-content\/uploads\/2025\/11\/TUI-Malta-Ispanija.png\"><img loading=\"lazy\" decoding=\"async\" aria-describedby=\"caption-attachment-36080\" class=\"size-medium wp-image-36080\" src=\"https:\/\/web.vu.lt\/tfai\/v.gontis\/wp-content\/uploads\/2025\/11\/TUI-Malta-Ispanija-300x170.png\" alt=\"\" width=\"300\" height=\"170\" \/><\/a><p id=\"caption-attachment-36080\" class=\"wp-caption-text\">3 pav. Maltos ir Ispanijos sukauptos Tiesiogin\u0117s u\u017esienio investicijos.<\/p><\/div>\n<div id=\"attachment_36081\" style=\"width: 310px\" class=\"wp-caption alignleft\"><a href=\"https:\/\/web.vu.lt\/tfai\/v.gontis\/wp-content\/uploads\/2025\/11\/Prekyba-Malta-Ispanija.png\"><img loading=\"lazy\" decoding=\"async\" aria-describedby=\"caption-attachment-36081\" class=\"size-medium wp-image-36081\" src=\"https:\/\/web.vu.lt\/tfai\/v.gontis\/wp-content\/uploads\/2025\/11\/Prekyba-Malta-Ispanija-300x174.png\" alt=\"\" width=\"300\" height=\"174\" \/><\/a><p id=\"caption-attachment-36081\" class=\"wp-caption-text\">4 pav. Maltos ir Ispanijos u\u017esienio prekybos kitimas nagrin\u0117jamu laikotarpiu.<\/p><\/div>\n<p>&nbsp;<\/p>\n<p>&nbsp;<\/p>\n<p>&nbsp;<\/p>\n<p>&nbsp;<\/p>\n<p>&nbsp;<\/p>\n<p>&nbsp;<\/p>\n<p>U\u017esienio prekyba taip pat yra svarbus ekonominis veiksnys, ypatingai ma\u017eoms ekonomikoms. Kad TUI tur\u0117jo lemiamos \u012ftakos ir Maltos u\u017esienio prekybos i\u0161augimui, matome 4 pav. Verta pasteb\u0117ti, kad vis\u0173 kit\u0173 valstybi\u0173 prekybos mastas taip pat did\u0117ja tempu pana\u0161iu, kaip Ispanijos, o absoliuti to masto vert\u0117, pirmiausiai, yra priklausoma nuo ekonomikos dyd\u017eio.<\/p>\n<p>Pakankamai netik\u0117tas faktas yra tai, kad prakti\u0161kai vis\u0173 valstybi\u0173 savos kapitalo investicijos kinta identi\u0161kai, \u017er. 5 pav., nepriklausomai net nuo valstybi\u0173 dyd\u017eio ar kit\u0173 makroekonomini\u0173\u00a0 veiksni\u0173. Net, jei prid\u0117tume ir CRE valstybi\u0173 grup\u0119, vaizdas nelabai daug pasikeist\u0173.<\/p>\n<div id=\"attachment_36083\" style=\"width: 510px\" class=\"wp-caption alignleft\"><a href=\"https:\/\/web.vu.lt\/tfai\/v.gontis\/wp-content\/uploads\/2025\/11\/KapitaloInv-VE.png\"><img loading=\"lazy\" decoding=\"async\" aria-describedby=\"caption-attachment-36083\" class=\"size-large wp-image-36083\" src=\"https:\/\/web.vu.lt\/tfai\/v.gontis\/wp-content\/uploads\/2025\/11\/KapitaloInv-VE-1024x464.png\" alt=\"\" width=\"500\" height=\"227\" \/><\/a><p id=\"caption-attachment-36083\" class=\"wp-caption-text\">5 pav. Sukauptos valstybi\u0173 savos kapitalo investicijos nagrin\u0117jamu laikotarpiu.<\/p><\/div>\n<p>Ankstesniame CRE valstybi\u0173 tyrime (Gontis et al., 2025, <a href=\"https:\/\/arxiv.org\/pdf\/2510.04211\">arXiv:2510.04211<\/a>)\u00a0 nustat\u0117me ypating\u0105 priva\u010dios skolos vaidmen\u012f \u0161ali\u0173 tarpusavio konkurencijoje. Parod\u0117me, kad Lietuvos, Lenkijos ir Rumunijos spartus augimas gali b\u016bti siejamas su j\u0173 ypatingai \u017eemu priva\u010dios skolos lygiu. Deja, senojoje Europoje \u0161ali\u0173 su pana\u0161iu priva\u010dios skolos lygiu neturime, prakti\u0161kai, visose valstyb\u0117se pasiektas lygis vir\u0161ija 100% BVP ir gali pasiekti bei vir\u0161yti net 200% BVP, \u017er. 6 pav.<\/p>\n<p>&nbsp;<\/p>\n<p>&nbsp;<\/p>\n<div id=\"attachment_36084\" style=\"width: 510px\" class=\"wp-caption alignleft\"><a href=\"https:\/\/web.vu.lt\/tfai\/v.gontis\/wp-content\/uploads\/2025\/11\/PrivatiSkola.png\"><img loading=\"lazy\" decoding=\"async\" aria-describedby=\"caption-attachment-36084\" class=\"size-large wp-image-36084\" src=\"https:\/\/web.vu.lt\/tfai\/v.gontis\/wp-content\/uploads\/2025\/11\/PrivatiSkola-1024x479.png\" alt=\"\" width=\"500\" height=\"234\" \/><\/a><p id=\"caption-attachment-36084\" class=\"wp-caption-text\">6 pav. VE valstybi\u0173 priva\u010dios skolos raida.<\/p><\/div>\n<p>Priva\u010dios skolos aspektu nei Malta, nei Ispanija labai nei\u0161siskiria tik b\u016bt\u0173 galima atkreipti d\u0117mes\u012f, kad jos abi priklauso \u0161ali\u0173 grupei, kurios priva\u010dios skolos lyg\u012f po 2008 m. kriz\u0117s sugeb\u0117jo ma\u017einti, kai dalis kit\u0173 \u0161ali\u0173, t\u0105 lyg\u012f tik augino.<\/p>\n<p>Svarbiu veiksniu Vakar\u0173 ir Piet\u0173 Europos raidoje tampa Centrin\u0117s vald\u017eios skola. Nagrin\u0117jam\u0173 valstybi\u0173 grup\u0117je ji kinta nuo 40% BVP iki 150% BVP, \u017er. 7 pav. M\u016bs\u0173 ir kiti tyrimai rodo, kad sen\u0173j\u0173 Europos valstybi\u0173 grup\u0117je vald\u017eios skola turi svarbesn\u012f vaidmen\u012f ekonomikos augimui nei privati skola. \u0160is skirtumas su CRE valstyb\u0117mis pra\u0161osi detalesnio tyrimo ir paai\u0161kinimo.<\/p>\n<div id=\"attachment_36085\" style=\"width: 510px\" class=\"wp-caption alignleft\"><a href=\"https:\/\/web.vu.lt\/tfai\/v.gontis\/wp-content\/uploads\/2025\/11\/ValstybesSkola.png\"><img loading=\"lazy\" decoding=\"async\" aria-describedby=\"caption-attachment-36085\" class=\"size-large wp-image-36085\" src=\"https:\/\/web.vu.lt\/tfai\/v.gontis\/wp-content\/uploads\/2025\/11\/ValstybesSkola-1024x466.png\" alt=\"\" width=\"500\" height=\"228\" \/><\/a><p id=\"caption-attachment-36085\" class=\"wp-caption-text\">7 pav. VE valstybi\u0173 centrin\u0117s vald\u017eios skola.<\/p><\/div>\n<p>Jei Maltos valstyb\u0117s skola po kriz\u0117s suma\u017e\u0117jo \u017eemiau 50% BVP lygio, tai Ispanijos, kaip ir keleto kit\u0173 \u0161ali\u0173, i\u0161augo vir\u0161 100% BVP lygio. Verta pasteb\u0117ti, kad visos valstyb\u0117s, u\u017eauginusios savo valstyb\u0117s skol\u0105, susiduria su akivaizd\u017eiomis ekonominio augimo problemos, gal tik JAV dalinai ar laikinai sugeba to i\u0161vengti.<\/p>\n<p>I\u0161 pateiktos makroekonomini\u0173 duomen\u0173 analiz\u0117s tur\u0117tume pasidaryti kelet\u0105 svarbi\u0173 i\u0161vad\u0173.<\/p>\n<p>1.\u00a0\u00a0\u00a0\u00a0\u00a0\u00a0\u00a0 Malta demonstruoja i\u0161skirtin\u012f ekonomin\u012f augim\u0105, ypatingai po \u017eenkli\u0173 tiesiogini\u0173 u\u017esienio investicij\u0173. Ji vienintel\u0117 gali b\u016bti vertinama, kaip \u012fgyvendinanti spar\u010di\u0105 ekonomin\u0119 konvergencij\u0105 su JAV nagrin\u0117jamu laikotarpiu.<\/p>\n<p>2.\u00a0\u00a0\u00a0\u00a0\u00a0\u00a0\u00a0 Kitos nagrin\u0117jamos Europos valstyb\u0117s yra akivaizd\u017eiai \u012fstrigusios savo augime lyginant su JAV, nors bendras atotr\u016bkis, prie\u0161ingai nei daugelis mano, ne did\u0117ja, bet i\u0161lieka svyruojantis pana\u0161iame lygyje.<\/p>\n<p>3.\u00a0\u00a0\u00a0\u00a0\u00a0\u00a0\u00a0 Atlikta analiz\u0117 demonstruoja, kad Vakar\u0173 valstybi\u0173 vyraujanti problema yra i\u0161augusi vald\u017eios ir privati skola. Nors JAV pagal \u0161iuos rodiklius neatsilieka, o dal\u012f valstybi\u0173 net ir \u017eenkliai lenkia, jos ekonominis augimas i\u0161lieka pasaulio ekonomin\u0117s raidos matas, kuriuo daugelis teorini\u0173 darb\u0173 matuoja kit\u0173 valstybi\u0173 augim\u0105 ir konvergencij\u0105. Galima tik sp\u0117ti, kad \u0161is JAV ekonominis i\u0161skirtinumas yra susij\u0119s su JAV dolerio vaidmeniu pasaulio prekyboje.<\/p>\n<p>4.\u00a0\u00a0\u00a0\u00a0\u00a0\u00a0\u00a0 Maltos ekonomin\u0117 raida nagrin\u0117jamu laikotarpiu rodo, kad ir tarp i\u0161sivys\u010diusi\u0173 valstybi\u0173 yra galimyb\u0117 augti spar\u010diau u\u017e kitas. Maltos s\u0117km\u0119, akivaizd\u017eiai, lemia \u017eenklios TUI ir laiku suvaldyta valstyb\u0117s skola. Daugelis CRE valstybi\u0173 turi realias galimybes i\u0161laikyti \u0161iuos rodiklius pana\u0161iame lygyje, kaip Malta, ir t\u0119sti savo ekonomin\u0119 konvergencij\u0105 su i\u0161sivys\u010diusiomis Vakar\u0173 valstyb\u0117mis.<\/p>\n<p>5.\u00a0\u00a0\u00a0\u00a0\u00a0\u00a0\u00a0 Lietuva i\u0161laiko realias galimybes t\u0119sti spart\u0173 ekonomin\u012f augim\u0105, pana\u0161\u0173 \u012f Maltos, jei i\u0161liks patraukli u\u017esienio investicijoms ir i\u0161saugos \u017eem\u0105 valstyb\u0117s bei priva\u010dios skolos lyg\u012f. Svarbiausias i\u0161\u0161\u016bkis \u2013 geopolitin\u0117 pad\u0117tis ir i\u0161orini\u0173 kapitalo sraut\u0173 jautrumas regioniniams neramumams.<\/p>\n\n\n<pre class=\"wp-block-code\"><code><\/code><\/pre>\n\n\n\n<ul class=\"wp-block-social-links\"><li class=\"wp-social-link wp-social-link-gravatar  wp-block-social-link\"><a rel=\"me\" href=\"https:\/\/gravatar.com\/observantb421476a09\" class=\"wp-block-social-link-anchor\"><svg width=\"24\" height=\"24\" viewBox=\"0 0 24 24\" version=\"1.1\" xmlns=\"http:\/\/www.w3.org\/2000\/svg\" aria-hidden=\"true\" focusable=\"false\"><path d=\"M10.8001 4.69937V10.6494C10.8001 11.1001 10.9791 11.5323 11.2978 11.851C11.6165 12.1697 12.0487 12.3487 12.4994 12.3487C12.9501 12.3487 13.3824 12.1697 13.7011 11.851C14.0198 11.5323 14.1988 11.1001 14.1988 10.6494V6.69089C15.2418 7.05861 16.1371 7.75537 16.7496 8.67617C17.3622 9.59698 17.6589 10.6919 17.595 11.796C17.5311 12.9001 17.1101 13.9535 16.3954 14.7975C15.6807 15.6415 14.711 16.2303 13.6325 16.4753C12.5541 16.7202 11.4252 16.608 10.4161 16.1555C9.40691 15.703 8.57217 14.9348 8.03763 13.9667C7.50308 12.9985 7.29769 11.8828 7.45242 10.7877C7.60714 9.69266 8.11359 8.67755 8.89545 7.89537C9.20904 7.57521 9.38364 7.14426 9.38132 6.69611C9.37899 6.24797 9.19994 5.81884 8.88305 5.50195C8.56616 5.18506 8.13704 5.00601 7.68889 5.00369C7.24075 5.00137 6.80979 5.17597 6.48964 5.48956C5.09907 6.8801 4.23369 8.7098 4.04094 10.6669C3.84819 12.624 4.34 14.5873 5.43257 16.2224C6.52515 17.8575 8.15088 19.0632 10.0328 19.634C11.9146 20.2049 13.9362 20.1055 15.753 19.3529C17.5699 18.6003 19.0695 17.241 19.9965 15.5066C20.9234 13.7722 21.2203 11.7701 20.8366 9.84133C20.4528 7.91259 19.4122 6.17658 17.892 4.92911C16.3717 3.68163 14.466 2.99987 12.4994 3C12.0487 3 11.6165 3.17904 11.2978 3.49773C10.9791 3.81643 10.8001 4.24867 10.8001 4.69937Z\" \/><\/svg><span class=\"wp-block-social-link-label screen-reader-text\">Gravatar<\/span><\/a><\/li><\/ul>\n","protected":false},"excerpt":{"rendered":"<p>Ar Lietuva gali pasivyti ir aplenkti Vakar\u0173 Europ\u0105? \u0160is klausimas provokuoja, bet ne be pagrindo. Neseniai atliktas tyrimas (Gontis et al., 2025, arXiv:2510.04211) parod\u0117, kad Lietuvos ekonomin\u0117 pa\u017eanga i\u0161siskiria tarp Centrin\u0117s ir Ryt\u0173 Europos (CRE) valstybi\u0173. Ta\u010diau ar \u0161is tempas leis pasiekti Maltos ir kit\u0173 Vakar\u0173 \u0161ali\u0173 lyg\u012f? Pasitelk\u0119 tuos pa\u010dius duomenis ir metodik\u0105, palyginome [&hellip;]<\/p>\n","protected":false},"author":2,"featured_media":36086,"comment_status":"open","ping_status":"closed","sticky":false,"template":"","format":"standard","meta":{"footnotes":""},"categories":[9,10,11,12],"tags":[16,14,17,18,19,20],"class_list":["post-36077","post","type-post","status-publish","format-standard","hentry","category-ekonomika","category-mekonomika","category-mnaujienos","category-naujienos","tag-cre","tag-ekonomika","tag-ekonomikos-augimas","tag-ekonomikos-teorija","tag-lietuva","tag-malta"],"_links":{"self":[{"href":"https:\/\/web.vu.lt\/tfai\/v.gontis\/wp-json\/wp\/v2\/posts\/36077","targetHints":{"allow":["GET"]}}],"collection":[{"href":"https:\/\/web.vu.lt\/tfai\/v.gontis\/wp-json\/wp\/v2\/posts"}],"about":[{"href":"https:\/\/web.vu.lt\/tfai\/v.gontis\/wp-json\/wp\/v2\/types\/post"}],"author":[{"embeddable":true,"href":"https:\/\/web.vu.lt\/tfai\/v.gontis\/wp-json\/wp\/v2\/users\/2"}],"replies":[{"embeddable":true,"href":"https:\/\/web.vu.lt\/tfai\/v.gontis\/wp-json\/wp\/v2\/comments?post=36077"}],"version-history":[{"count":3,"href":"https:\/\/web.vu.lt\/tfai\/v.gontis\/wp-json\/wp\/v2\/posts\/36077\/revisions"}],"predecessor-version":[{"id":36125,"href":"https:\/\/web.vu.lt\/tfai\/v.gontis\/wp-json\/wp\/v2\/posts\/36077\/revisions\/36125"}],"wp:featuredmedia":[{"embeddable":true,"href":"https:\/\/web.vu.lt\/tfai\/v.gontis\/wp-json\/wp\/v2\/media\/36086"}],"wp:attachment":[{"href":"https:\/\/web.vu.lt\/tfai\/v.gontis\/wp-json\/wp\/v2\/media?parent=36077"}],"wp:term":[{"taxonomy":"category","embeddable":true,"href":"https:\/\/web.vu.lt\/tfai\/v.gontis\/wp-json\/wp\/v2\/categories?post=36077"},{"taxonomy":"post_tag","embeddable":true,"href":"https:\/\/web.vu.lt\/tfai\/v.gontis\/wp-json\/wp\/v2\/tags?post=36077"}],"curies":[{"name":"wp","href":"https:\/\/api.w.org\/{rel}","templated":true}]}}