{"id":1,"date":"2026-01-22T14:12:22","date_gmt":"2026-01-22T14:12:22","guid":{"rendered":"https:\/\/web.vu.lt\/flf\/p.jevsejevas\/?p=1"},"modified":"2026-04-09T10:47:13","modified_gmt":"2026-04-09T10:47:13","slug":"hello-world","status":"publish","type":"post","link":"https:\/\/web.vu.lt\/flf\/p.jevsejevas\/2026\/01\/22\/hello-world\/","title":{"rendered":"Kelios mano si\u016blomos problematikos VU FLF MA darbams"},"content":{"rendered":"\n<p class=\"has-large-font-size\">Laba diena, mielos ir mieli. Toliau pateikiu kelet\u0105 sumanym\u0173 ar problematik\u0173, kurias pats si\u016bly\u010diau magistro darbams 2026 metais. Akstinai i\u0161skirti \u0161ias problematikas \u012fvair\u016bs: kai kuriais dalykais pats bent kiek domiuosi ir u\u017esiimu, kitus pastebiu kaip aktualius ir vertus d\u0117mesio rei\u0161kinius kult\u016broje, ir pagalvoju, \u201eo, kad taip kas nors imt\u0173 patyrin\u0117ti!\u201c<\/p>\n\n\n\n<p class=\"has-large-font-size\">\u0160is s\u0105ra\u0161as nei\u0161baigtas, nei\u0161samus ir negalutinis. Tur\u0117damas \u016bpo j\u012f vis koreguosiu ir papildysiu.<\/p>\n\n\n\n<p><\/p>\n\n\n\n<h2 class=\"wp-block-heading has-x-large-font-size\"><strong>Sigito Gedos poezija<\/strong><\/h2>\n\n\n\n<p class=\"has-large-font-size\">Apie Sigito Gedos poezij\u0105 ra\u0161iau savo disertacij\u0105. Nor\u0117\u010diau, kad apie j\u0105 ir toliau b\u016bt\u0173 ra\u0161oma.<\/p>\n\n\n\n<p><\/p>\n\n\n\n<h2 class=\"wp-block-heading\"><strong>Asmeni\u0161kumas dabartin\u0117je lietuvi\u0173 poezijoje<\/strong><\/h2>\n\n\n\n<p class=\"has-large-font-size\">Lietuvi\u0173 poezijoje po sovietme\u010dio daug asmeni\u0161kumo. Tai ne vienintel\u0117 tendencija, bet ji ry\u0161ki. Literat\u016bros kritik\u0117ms apie tai galvojant yra \u012fsitvirtinusi i\u0161 anglakalb\u0117s kritikos (ir konteksto) perimta i\u0161pa\u017eintin\u0117s poezijos (confessional poetry) s\u0105voka. Bet \u0161ios s\u0105vokos apibr\u0117\u017etis lietuvi\u0161kame diskurse gana miglota, ji daugiau vartojama kaip apib\u016bdinimas, o nuodugnesni\u0173 tyrim\u0173 ma\u017ea. D\u0117l to si\u016blau tyrin\u0117ti \u0161\u012f gana tir\u0161t\u0105 lauk\u0105, tikrinti s\u0105vokas ir apibr\u0117\u017eti rei\u0161kinius.<sup data-fn=\"cfb3b14a-4178-4195-83df-33877667a5ae\" class=\"fn\"><a href=\"#cfb3b14a-4178-4195-83df-33877667a5ae\" id=\"cfb3b14a-4178-4195-83df-33877667a5ae-link\">1<\/a><\/sup><\/p>\n\n\n\n<p><\/p>\n\n\n\n<h2 class=\"wp-block-heading has-x-large-font-size\"><strong>Gyv\u016bnai lietuvi\u0173 literat\u016broje (ir ne lietuvi\u0173 literat\u016broje ar kitose srityse)<\/strong><\/h2>\n\n\n\n<p class=\"has-large-font-size\">Apie gyv\u016bnus lietuvi\u0173 literat\u016broje arba ne lietuvi\u0173 literat\u016broje, bet lietuvi\u0161kai, ra\u0161yta labai ma\u017eai.<sup data-fn=\"e4e18012-1162-49df-8835-4674e29135df\" class=\"fn\"><a href=\"#e4e18012-1162-49df-8835-4674e29135df\" id=\"e4e18012-1162-49df-8835-4674e29135df-link\">2<\/a><\/sup> D\u0117l to \u0161iuo metu verta tiesiog k\u0105 nors ra\u0161yti.<\/p>\n\n\n\n<p><\/p>\n\n\n\n<h2 class=\"wp-block-heading has-x-large-font-size\"><strong>Introspekcijos vaizdavimas Violetos Bubelyt\u0117s fotografijoje<\/strong><\/h2>\n\n\n\n<p class=\"has-large-font-size\">Violetos Bubelyt\u0117s fotografija mane intriguoja nuo pirmo \u017evilgsnio. Esu susidar\u0119s \u012fsp\u016bd\u012f, kad Bubelyt\u0117s fotografijai b\u016bdingas introspektyvumas. Tai lyg savaime \u012fdomi problema, nes fotoaparatas atvaizduoja k\u016bno i\u0161orin\u012f regim\u0105j\u012f vaizd\u0105. Kitaip sakant, \u012fdomu reflektuojant medijos savitum\u0105 m\u0117ginti suprasti, kaip apskritai galima introspektyvi fotografija. P\u00e0\u010dios Bubelyt\u0117s nuotraukos \u017eavios, \u0161iek tiek provokatyvios, teatrali\u0161kos: tur\u0117t\u0173 b\u016bti labai \u012fdomu m\u0117ginti i\u0161artikuliuoti j\u0173 reik\u0161m\u0119.<\/p>\n\n\n\n<figure class=\"wp-block-gallery has-nested-images columns-default is-cropped wp-block-gallery-1 is-layout-flex wp-block-gallery-is-layout-flex\">\n<figure class=\"wp-block-image size-large\"><img loading=\"lazy\" decoding=\"async\" width=\"880\" height=\"619\" data-id=\"35\" src=\"https:\/\/web.vu.lt\/flf\/p.jevsejevas\/wp-content\/uploads\/2026\/01\/Violeta-Bubelyte_Parkos-2_2019.jpg\" alt=\"\" class=\"wp-image-35\" srcset=\"https:\/\/web.vu.lt\/flf\/p.jevsejevas\/wp-content\/uploads\/2026\/01\/Violeta-Bubelyte_Parkos-2_2019.jpg 880w, https:\/\/web.vu.lt\/flf\/p.jevsejevas\/wp-content\/uploads\/2026\/01\/Violeta-Bubelyte_Parkos-2_2019-300x211.jpg 300w, https:\/\/web.vu.lt\/flf\/p.jevsejevas\/wp-content\/uploads\/2026\/01\/Violeta-Bubelyte_Parkos-2_2019-768x540.jpg 768w\" sizes=\"auto, (max-width: 880px) 100vw, 880px\" \/><\/figure>\n<\/figure>\n\n\n\n<p><\/p>\n\n\n\n<h2 class=\"wp-block-heading has-x-large-font-size\"><strong>Vizualinis\u2013\u017eodinis sakymas ir kuitalas Audriaus Puipos k\u016bryboje <\/strong><\/h2>\n\n\n\n<p class=\"has-large-font-size\">Audriaus Puipos mi\u0161rios technikos k\u016briniai man be galo \u017eav\u016bs. Juose da\u017enai vaizduojamas gyvenimo\/darbo erdvi\u0173 kuitalas, kur\u012f, manau, verta pagromuliuoti kaip estetin\u0119 s\u0105vok\u0105. Neabejoju, kad tai jau daryta kad ir interjero dizaino srityje. Puipos atveju reik\u0117t\u0173 s\u0105vok\u0105 i\u0161artikuliuoti dail\u0117s semiotikos labui.<\/p>\n\n\n\n<p class=\"has-large-font-size\">Kitas \u012fdomus Puipos k\u016brini\u0173 aspektas \u2013 rai\u0161kos dvilypumas, kai jungiamas atvaizdas ir \u017eodinis tekstas. A\u0161 formuluoju tai kaip sakymo srities dalyk\u0105, taip pat turb\u016bt verta apie tai galvoti per medijos s\u0105vok\u0105.<\/p>\n\n\n\n<figure class=\"wp-block-gallery has-nested-images columns-default is-cropped wp-block-gallery-2 is-layout-flex wp-block-gallery-is-layout-flex\">\n<figure class=\"wp-block-image size-large\"><img loading=\"lazy\" decoding=\"async\" width=\"1024\" height=\"741\" data-id=\"36\" src=\"https:\/\/web.vu.lt\/flf\/p.jevsejevas\/wp-content\/uploads\/2026\/01\/Audrius-Puipa_Rimtauto-Gibaviciaus-dirbtuve-vidurdieni_1985-1024x741.jpg\" alt=\"\" class=\"wp-image-36\" srcset=\"https:\/\/web.vu.lt\/flf\/p.jevsejevas\/wp-content\/uploads\/2026\/01\/Audrius-Puipa_Rimtauto-Gibaviciaus-dirbtuve-vidurdieni_1985-1024x741.jpg 1024w, https:\/\/web.vu.lt\/flf\/p.jevsejevas\/wp-content\/uploads\/2026\/01\/Audrius-Puipa_Rimtauto-Gibaviciaus-dirbtuve-vidurdieni_1985-300x217.jpg 300w, https:\/\/web.vu.lt\/flf\/p.jevsejevas\/wp-content\/uploads\/2026\/01\/Audrius-Puipa_Rimtauto-Gibaviciaus-dirbtuve-vidurdieni_1985-768x556.jpg 768w, https:\/\/web.vu.lt\/flf\/p.jevsejevas\/wp-content\/uploads\/2026\/01\/Audrius-Puipa_Rimtauto-Gibaviciaus-dirbtuve-vidurdieni_1985-1536x1111.jpg 1536w, https:\/\/web.vu.lt\/flf\/p.jevsejevas\/wp-content\/uploads\/2026\/01\/Audrius-Puipa_Rimtauto-Gibaviciaus-dirbtuve-vidurdieni_1985-2048x1482.jpg 2048w\" sizes=\"auto, (max-width: 1024px) 100vw, 1024px\" \/><\/figure>\n<\/figure>\n\n\n\n<p><\/p>\n\n\n\n<h2 class=\"wp-block-heading has-x-large-font-size\"><strong>Susvetim\u0117jimas ir tapsmas savimi seriale \u201eSeverance\u201c (re\u017e. Ben Stiller)<\/strong><\/h2>\n\n\n\n<p class=\"has-large-font-size\">Man labai patiko \u017ei\u016br\u0117ti \u0161\u012f serial\u0105. Pra\u0161au, kas nors interpretuokite!<\/p>\n\n\n\n<p><\/p>\n\n\n<ol class=\"wp-block-footnotes\"><li id=\"cfb3b14a-4178-4195-83df-33877667a5ae\">2025 metais Ugn\u0117 \u017demaityt\u0117 apgyn\u0117 Semiotikos MA darb\u0105 pavadinimu <em>I\u0161pa\u017eintin\u0117 Giedr\u0117s Kazlauskait\u0117s poezija<\/em>; 2021 metais Viktorija Naba\u017eait\u0117 apgyn\u0117 Lietuvi\u0173 filologijos BA darb\u0105 <em>\u0160iuolaikin\u0117 i\u0161pa\u017eintin\u0117 moter\u0173 poezija: Giedr\u0117 Kazlauskait\u0117, Vitalija Pilipauskait\u0117-Butkien\u0117, Lina Buividavi\u010di\u016bt\u0117<\/em>  <a href=\"#cfb3b14a-4178-4195-83df-33877667a5ae-link\" aria-label=\"Jump to footnote reference 1\">\u21a9\ufe0e<\/a><\/li><li id=\"e4e18012-1162-49df-8835-4674e29135df\">Bet u\u017emeskite ak\u012f \u012f Viliaus Jakub\u010diono 2025 m. MA darb\u0105 <em>Gyv\u016bn\u0173 vaizdavimas Juozo Apu\u010dio, Romualdo Granausko ir Antano Ramono novel\u0117se<\/em>: <a href=\"https:\/\/epublications.vu.lt\/object\/elaba:238870969\/index.html\">https:\/\/epublications.vu.lt\/object\/elaba:238870969\/index.html<\/a><br>Pats esu ra\u0161\u0119s por\u0105 trump\u0173 es\u0117: <a href=\"https:\/\/www.satenai.lt\/2024\/03\/22\/sunio-karcios-asaros\/\">https:\/\/www.satenai.lt\/2024\/03\/22\/sunio-karcios-asaros\/<\/a>; <a href=\"https:\/\/www.satenai.lt\/2024\/08\/16\/pelytes\/\">https:\/\/www.satenai.lt\/2024\/08\/16\/pelytes\/<\/a> <a href=\"#e4e18012-1162-49df-8835-4674e29135df-link\" aria-label=\"Jump to footnote reference 2\">\u21a9\ufe0e<\/a><\/li><\/ol>\n\n\n<p><\/p>\n","protected":false},"excerpt":{"rendered":"<p>Laba diena, mielos ir mieli. Toliau pateikiu kelet\u0105 sumanym\u0173 ar problematik\u0173, kurias pats si\u016bly\u010diau magistro darbams 2026 metais. Akstinai i\u0161skirti \u0161ias problematikas \u012fvair\u016bs: kai kuriais dalykais pats bent kiek domiuosi ir u\u017esiimu, kitus pastebiu kaip aktualius ir vertus d\u0117mesio rei\u0161kinius kult\u016broje, ir pagalvoju, \u201eo, kad taip kas nors imt\u0173 patyrin\u0117ti!\u201c \u0160is s\u0105ra\u0161as nei\u0161baigtas, nei\u0161samus ir [&hellip;]<\/p>\n","protected":false},"author":1,"featured_media":54,"comment_status":"open","ping_status":"open","sticky":false,"template":"","format":"standard","meta":{"footnotes":"[{\"content\":\"2025 metais Ugn\u0117 \u017demaityt\u0117 apgyn\u0117 Semiotikos MA darb\u0105 pavadinimu <em>I\u0161pa\u017eintin\u0117 Giedr\u0117s Kazlauskait\u0117s poezija<\/em>; 2021 metais Viktorija Naba\u017eait\u0117 apgyn\u0117 Lietuvi\u0173 filologijos BA darb\u0105 <em>\u0160iuolaikin\u0117 i\u0161pa\u017eintin\u0117 moter\u0173 poezija: Giedr\u0117 Kazlauskait\u0117, Vitalija Pilipauskait\u0117-Butkien\u0117, Lina Buividavi\u010di\u016bt\u0117<\/em> \",\"id\":\"cfb3b14a-4178-4195-83df-33877667a5ae\"},{\"content\":\"Bet u\u017emeskite ak\u012f \u012f Viliaus Jakub\u010diono 2025 m. MA darb\u0105 <em>Gyv\u016bn\u0173 vaizdavimas Juozo Apu\u010dio, Romualdo Granausko ir Antano Ramono novel\u0117se<\/em>: <a href=\\\"https:\/\/epublications.vu.lt\/object\/elaba:238870969\/index.html\\\">https:\/\/epublications.vu.lt\/object\/elaba:238870969\/index.html<\/a><br>Pats esu ra\u0161\u0119s por\u0105 trump\u0173 es\u0117: <a href=\\\"https:\/\/www.satenai.lt\/2024\/03\/22\/sunio-karcios-asaros\/\\\">https:\/\/www.satenai.lt\/2024\/03\/22\/sunio-karcios-asaros\/<\/a>; <a href=\\\"https:\/\/www.satenai.lt\/2024\/08\/16\/pelytes\/\\\">https:\/\/www.satenai.lt\/2024\/08\/16\/pelytes\/<\/a>\",\"id\":\"e4e18012-1162-49df-8835-4674e29135df\"}]"},"categories":[1],"tags":[],"class_list":["post-1","post","type-post","status-publish","format-standard","has-post-thumbnail","hentry","category-uncategorized"],"_links":{"self":[{"href":"https:\/\/web.vu.lt\/flf\/p.jevsejevas\/wp-json\/wp\/v2\/posts\/1","targetHints":{"allow":["GET"]}}],"collection":[{"href":"https:\/\/web.vu.lt\/flf\/p.jevsejevas\/wp-json\/wp\/v2\/posts"}],"about":[{"href":"https:\/\/web.vu.lt\/flf\/p.jevsejevas\/wp-json\/wp\/v2\/types\/post"}],"author":[{"embeddable":true,"href":"https:\/\/web.vu.lt\/flf\/p.jevsejevas\/wp-json\/wp\/v2\/users\/1"}],"replies":[{"embeddable":true,"href":"https:\/\/web.vu.lt\/flf\/p.jevsejevas\/wp-json\/wp\/v2\/comments?post=1"}],"version-history":[{"count":21,"href":"https:\/\/web.vu.lt\/flf\/p.jevsejevas\/wp-json\/wp\/v2\/posts\/1\/revisions"}],"predecessor-version":[{"id":55,"href":"https:\/\/web.vu.lt\/flf\/p.jevsejevas\/wp-json\/wp\/v2\/posts\/1\/revisions\/55"}],"wp:featuredmedia":[{"embeddable":true,"href":"https:\/\/web.vu.lt\/flf\/p.jevsejevas\/wp-json\/wp\/v2\/media\/54"}],"wp:attachment":[{"href":"https:\/\/web.vu.lt\/flf\/p.jevsejevas\/wp-json\/wp\/v2\/media?parent=1"}],"wp:term":[{"taxonomy":"category","embeddable":true,"href":"https:\/\/web.vu.lt\/flf\/p.jevsejevas\/wp-json\/wp\/v2\/categories?post=1"},{"taxonomy":"post_tag","embeddable":true,"href":"https:\/\/web.vu.lt\/flf\/p.jevsejevas\/wp-json\/wp\/v2\/tags?post=1"}],"curies":[{"name":"wp","href":"https:\/\/api.w.org\/{rel}","templated":true}]}}